{"id":9781,"date":"2014-09-03T18:18:19","date_gmt":"2014-09-03T21:18:19","guid":{"rendered":"http:\/\/www.ctgradiva.com.ar\/kb\/?p=139"},"modified":"2014-09-03T18:18:19","modified_gmt":"2014-09-03T21:18:19","slug":"ambientes-familiares-toxicos","status":"publish","type":"post","link":"https:\/\/ctgradiva.com.ar\/gradiva\/2014\/09\/03\/ambientes-familiares-toxicos\/","title":{"rendered":"Ambientes familiares t\u00f3xicos"},"content":{"rendered":"<p>\t\t\t\t\u201c\u2026a veces tenemos que amar a nuestros \u201cverdugos\u201d \u201d (frase de un paciente en rehabilitaci\u00f3n)\u201d.<\/p>\n<p>En muchas circunstancias crecemos en ambientes familiares t\u00f3xicos. Jorge viv\u00eda la tristeza cotidiana de una madre embebida en la melancol\u00eda. Convivir con ella era \u201ctragar\u201d el odio visceral hacia el mundo que \u00e9sta le transmit\u00eda\u00a0 as\u00ed como el destino ruinoso de la pareja que hab\u00eda tenido .A\u00f1os as\u00ed o sea toda la infancia,\u00a0 mientras tanto \u00a0el padre estaba privado de entrada pero adem\u00e1s privado \u00e9l mismo de la capacidad de ejercer su funci\u00f3n . Ser padre implica tambi\u00e9n hacerse cargo del hijo incluso rompiendo v\u00ednculos psic\u00f3ticos madre \u2013hijo.<\/p>\n<p>Una de las m\u00e1s dif\u00edciles cuestiones\u00a0 en el arte de la psicoterapia es integrar todo el dolor que nuestros propios familiares nos propician, sobre todo, cuando somos ni\u00f1os. Se va originando as\u00ed una situaci\u00f3n con \u00a0una gran cantidad de odio y resentimiento. Todo esto forma parte de nuestra novela familiar\u00a0 con estigmas que se van desarrollando \u00a0como un d\u00e9ficit de la auto-estima y una devaluaci\u00f3n de nuestro si mismo que nos acerca a distintas formas de angustia e inseguridad.<\/p>\n<p>Todos vivimos rodeados de ambientes t\u00f3xicos y de personas t\u00f3xicas. Un adulto estructurado sabe c\u00f3mo protegerse de ellos: quit\u00e1ndoles poder, no formando parte de su red de amistades o contactos, no permitiendo el acceso a nuestra intimidad. Habitualmente la gente t\u00f3xica mete miedo o culpa, deval\u00faa permanentemente al otro, intenta y a veces lo logra manipularnos o se siente triunfador cuando su v\u00edctima da se\u00f1ales de debilidad, afectaci\u00f3n o rendici\u00f3n. Nuestra salud mental se va protegiendo cuando podemos poner distancias de estas personas eminentemente destructivas.<\/p>\n<p>El problema con los chicos\u00a0 es que no pueden defenderse de estas personas. Dependen para la comida, los afectos, las seguridades b\u00e1sicas. El grito, el miedo, los permisos de salida o la violencia verbal o f\u00edsica operan como elementos que utiliza este \u201cverdugo\u201d psicol\u00f3gico.<\/p>\n<p>LA DROGA COMO AUTOMEDICACION<\/p>\n<p>Jorge transcurri\u00f3 su adolescencia en una privaci\u00f3n de figuras gratificantes entre \u201cverdugos\u201d psicol\u00f3gicos \u00a0y ausencias manifiestas. Creci\u00f3 embotado psicol\u00f3gicamente\u00a0 ya que todas sus capacidades cognitivas (pensamiento, atenci\u00f3n, aprendizaje) se detuvieron y enlentecieron bloqueadas por estas fallas en la estructura familiar.<\/p>\n<p>Aprendi\u00f3 a estar solo con la computadora como su compa\u00f1era y \u00a0a su vez como\u201d fetiche\u201d tecnol\u00f3gico. Cuando no hay transmisiones de palabras, orientaciones, sentidos y valores el autismo se entrona en su vida cotidiana: d\u00e9ficit de contactos, refugio en la enso\u00f1aci\u00f3n y la fantas\u00eda. La pobreza afectiva se anunciaba con un dejo de tristeza profunda que embargaba toda la vida de Jorge. Las escasas estimulaciones verbales de su ambiente familiar generaban un refugio en un mundo privado alejado de otros compa\u00f1eros de su edad.<\/p>\n<p>As\u00ed aparece la marihuana que como potente alucin\u00f3geno y levemente euforizante que le proporciona, por un momento, una huida de ese mundo gris y sin el colorido afectivo necesario.\u00a0 En la escuela la encuentra y se va \u201cenganchando \u201cprogresivamente a tono con su depresi\u00f3n de base. Luego surge lo t\u00edpico: leve elevaci\u00f3n del estado de \u00e1nimo al principio .Los pasos sucesivos de los efectos de la marihuana\u00a0 son conocidos: perdida de la motivaci\u00f3n con fracaso en los estudios secundarios. Le sigue una mayor depresi\u00f3n para al fin empezar a perder sentido de realidad con alucinaciones y delirios.<\/p>\n<p>A medida que va entrando en dependencia al cannabis (porro) los cambios que se dan en el cerebro (qu\u00edmicos y de la arquitectura de las conexiones en el sistema nervioso) llevan a cambios de conducta manifiestos. Abandona la casa. La calle era su lugar\u00a0 o sea un \u201cno lugar\u201d. Luego lleg\u00f3 la coca\u00edna. Ah\u00ed los delirios fren\u00e9ticos con choques en moto, entradas policiales. Su vida se desbarranca. Cl\u00ednicas psiqui\u00e1tricas y tratamientos sin \u00e9xito se van sucediendo como una carrera veloz a la cronicidad y hacia una vida malograda.<\/p>\n<p>Afortunadamente el padre entra en escena y todo empieza a orientarse.<\/p>\n<p>RECONSTRUCCI\u00d3N DEL \u201cTSUNAMI\u201d<\/p>\n<p>La vida de Jorge sufri\u00f3 un \u201ctsunami\u201d. Qued\u00f3 devastado todo \u00e9l. La reconstrucci\u00f3n comienza con la entrada en una comunidad terap\u00e9utica. Toda la familia con la ayuda de un equipo m\u00e9dico y sin drogas para consumir participan de todos los procesos de recuperaci\u00f3n. La desintoxicaci\u00f3n fue cr\u00edtica con noches de insomnio y un rebrote alucinatorio y delirante. Sostenerlo en ese momento fue clave. La presencia del padre fortificando al equipo tratante ante la abstinencia del paciente que buscaba salir fue clave. Esto me recuerda alguna reflexi\u00f3n de\u00a0 San Juan de la Cruz cuando nos dice que necesitamos llegar al estado de NOCHE como una verdadera ascesis y limpieza de la memoria. Luego dice \u00e9l la memoria se transforma en pura esperanza .Ah\u00ed \u201cel recordar se trueca en puro esperar\u201d siguiendo al poeta santo.<\/p>\n<p>Hoy \u00e9l est\u00e1 reorganizando su vida y su familia ha recuperado un nivel de esperanza nunca encontrado.<\/p>\n<p><strong>Dr. Juan Alberto Yaria<\/strong><\/p>\n<p><strong>Director General GRADIVA-Rehabilitaci\u00f3n en Adicciones.<\/strong><\/p>\n<p>&nbsp;\t\t<\/p>\n","protected":false},"excerpt":{"rendered":"<p>\u201c\u2026a veces tenemos que amar a nuestros \u201cverdugos\u201d \u201d (frase de un paciente en rehabilitaci\u00f3n)\u201d. En muchas circunstancias crecemos en ambientes familiares t\u00f3xicos. Jorge viv\u00eda la tristeza cotidiana de una madre embebida en la melancol\u00eda. Convivir con ella era \u201ctragar\u201d el odio visceral hacia el mundo que \u00e9sta le transmit\u00eda\u00a0 as\u00ed como el destino ruinoso [&hellip;]<\/p>\n","protected":false},"author":1,"featured_media":0,"comment_status":"closed","ping_status":"closed","sticky":false,"template":"","format":"standard","meta":{"_monsterinsights_skip_tracking":false,"_monsterinsights_sitenote_active":false,"_monsterinsights_sitenote_note":"","_monsterinsights_sitenote_category":0,"_uf_show_specific_survey":0,"_uf_disable_surveys":false,"footnotes":""},"categories":[40],"tags":[],"class_list":["post-9781","post","type-post","status-publish","format-standard","hentry","category-novedades"],"aioseo_notices":[],"_links":{"self":[{"href":"https:\/\/ctgradiva.com.ar\/gradiva\/wp-json\/wp\/v2\/posts\/9781","targetHints":{"allow":["GET"]}}],"collection":[{"href":"https:\/\/ctgradiva.com.ar\/gradiva\/wp-json\/wp\/v2\/posts"}],"about":[{"href":"https:\/\/ctgradiva.com.ar\/gradiva\/wp-json\/wp\/v2\/types\/post"}],"author":[{"embeddable":true,"href":"https:\/\/ctgradiva.com.ar\/gradiva\/wp-json\/wp\/v2\/users\/1"}],"replies":[{"embeddable":true,"href":"https:\/\/ctgradiva.com.ar\/gradiva\/wp-json\/wp\/v2\/comments?post=9781"}],"version-history":[{"count":0,"href":"https:\/\/ctgradiva.com.ar\/gradiva\/wp-json\/wp\/v2\/posts\/9781\/revisions"}],"wp:attachment":[{"href":"https:\/\/ctgradiva.com.ar\/gradiva\/wp-json\/wp\/v2\/media?parent=9781"}],"wp:term":[{"taxonomy":"category","embeddable":true,"href":"https:\/\/ctgradiva.com.ar\/gradiva\/wp-json\/wp\/v2\/categories?post=9781"},{"taxonomy":"post_tag","embeddable":true,"href":"https:\/\/ctgradiva.com.ar\/gradiva\/wp-json\/wp\/v2\/tags?post=9781"}],"curies":[{"name":"wp","href":"https:\/\/api.w.org\/{rel}","templated":true}]}}